{"id":11683,"date":"2026-04-24T12:37:56","date_gmt":"2026-04-24T10:37:56","guid":{"rendered":"https:\/\/www.przedszkole4.bwi.pl\/?p=11683"},"modified":"2026-04-24T12:40:43","modified_gmt":"2026-04-24T10:40:43","slug":"niezbedne-informacje-dotyczace-dyzuru-wakacyjnego-w-publicznym-przedszkolu-nr-4-w-brzesku-w-okresie-20-07-2026-31-07-2026r","status":"publish","type":"post","link":"https:\/\/www.przedszkole4.bwi.pl\/index.php\/2026\/04\/24\/niezbedne-informacje-dotyczace-dyzuru-wakacyjnego-w-publicznym-przedszkolu-nr-4-w-brzesku-w-okresie-20-07-2026-31-07-2026r\/","title":{"rendered":"Niezb\u0119dne informacje dotycz\u0105ce dy\u017curu wakacyjnego w Publicznym Przedszkolu nr 4 w Brzesku w okresie 20.07.2026 &#8211; 31.07.2026r"},"content":{"rendered":"<p><a href=\"https:\/\/www.przedszkole4.bwi.pl\/wp-content\/uploads\/2026\/04\/Zarzadzenie-przerwy-w-pracy-przedszkoli-2026-2-1.pdf\">Zarz\u0105dzenie- przerwy w pracy przedszkoli 2026 (2)<\/a><\/p>\n<p><a href=\"https:\/\/www.przedszkole4.bwi.pl\/wp-content\/uploads\/2026\/04\/WNIOSEK-O-PRZYJECIE-DZIECKA-DO-PRZEDSZKOLA-NA-DYZUR-WAKACYJNY-1.pdf\">WNIOSEK O PRZYJ\u0118CIE DZIECKA DO PRZEDSZKOLA NA DY\u017bUR WAKACYJNY<\/a><\/p>\n<p><a href=\"https:\/\/www.przedszkole4.bwi.pl\/wp-content\/uploads\/2026\/04\/Ogloszenie-dla-Rodzicow-PP4-1.pdf\">Og\u0142oszenie dla Rodzic\u00f3w PP4<\/a><\/p>\n<p><a href=\"https:\/\/www.przedszkole4.bwi.pl\/wp-content\/uploads\/2026\/04\/Informacja-dla-Rodzicow-o-funkcjonowaniu-przedszkola-w-wakacje-1-1.pdf\">Informacja dla Rodzic\u00f3w o funkcjonowaniu przedszkola w wakacje (1)<\/a><\/p>\n","protected":false},"excerpt":{"rendered":"<p>Zarz\u0105dzenie- przerwy w pracy przedszkoli 2026 (2) WNIOSEK O PRZYJ\u0118CIE DZIECKA DO PRZEDSZKOLA NA DY\u017bUR WAKACYJNY Og\u0142oszenie dla Rodzic\u00f3w PP4 Informacja dla Rodzic\u00f3w o funkcjonowaniu przedszkola w wakacje (1)<\/p>\n","protected":false},"author":4,"featured_media":0,"comment_status":"closed","ping_status":"closed","sticky":false,"template":"","format":"standard","meta":[],"categories":[1],"tags":[],"_links":{"self":[{"href":"https:\/\/www.przedszkole4.bwi.pl\/index.php\/wp-json\/wp\/v2\/posts\/11683"}],"collection":[{"href":"https:\/\/www.przedszkole4.bwi.pl\/index.php\/wp-json\/wp\/v2\/posts"}],"about":[{"href":"https:\/\/www.przedszkole4.bwi.pl\/index.php\/wp-json\/wp\/v2\/types\/post"}],"author":[{"embeddable":true,"href":"https:\/\/www.przedszkole4.bwi.pl\/index.php\/wp-json\/wp\/v2\/users\/4"}],"replies":[{"embeddable":true,"href":"https:\/\/www.przedszkole4.bwi.pl\/index.php\/wp-json\/wp\/v2\/comments?post=11683"}],"version-history":[{"count":2,"href":"https:\/\/www.przedszkole4.bwi.pl\/index.php\/wp-json\/wp\/v2\/posts\/11683\/revisions"}],"predecessor-version":[{"id":11685,"href":"https:\/\/www.przedszkole4.bwi.pl\/index.php\/wp-json\/wp\/v2\/posts\/11683\/revisions\/11685"}],"wp:attachment":[{"href":"https:\/\/www.przedszkole4.bwi.pl\/index.php\/wp-json\/wp\/v2\/media?parent=11683"}],"wp:term":[{"taxonomy":"category","embeddable":true,"href":"https:\/\/www.przedszkole4.bwi.pl\/index.php\/wp-json\/wp\/v2\/categories?post=11683"},{"taxonomy":"post_tag","embeddable":true,"href":"https:\/\/www.przedszkole4.bwi.pl\/index.php\/wp-json\/wp\/v2\/tags?post=11683"}],"curies":[{"name":"wp","href":"https:\/\/api.w.org\/{rel}","templated":true}]}}